{"id":45,"date":"2024-06-05T11:47:32","date_gmt":"2024-06-05T08:47:32","guid":{"rendered":"https:\/\/www.hairtimeistanbul.com\/tr\/?p=45"},"modified":"2024-10-22T14:55:38","modified_gmt":"2024-10-22T11:55:38","slug":"safir-sac-ekimi","status":"publish","type":"post","link":"https:\/\/www.hairtimeistanbul.com\/tr\/safir-sac-ekimi\/","title":{"rendered":"Safir Sa\u00e7 Ekimi"},"content":{"rendered":"<h2>Safir sa\u00e7 ekimi nedir?<\/h2>\n<p>Sa\u00e7 ekimi ihtiyac\u0131 her ge\u00e7en g\u00fcn artmakta ve g\u00fcn\u00fcm\u00fczde safir sa\u00e7 ekimi yeni tekniklerin geli\u015ftirilmesinde \u00f6nemli rol oynamaktad\u0131r. Bu, sa\u00e7 d\u00f6k\u00fclmesi tedavilerinin ve yeni, yenilik\u00e7i sa\u00e7 ekimi tekniklerinin geli\u015ftirilmesine yol a\u00e7t\u0131.<\/p>\n<p>Sa\u00e7 ekimi operasyonlar\u0131 g\u00fcn\u00fcm\u00fczde kullan\u0131lan aletlerdeki yeniliklere paralel olarak b\u00fcy\u00fck mesafeler kat etmi\u015f ve minimal y\u00f6ntemlerle yap\u0131lan bir i\u015fleme d\u00f6n\u00fc\u015fm\u00fc\u015ft\u00fcr.<\/p>\n<p>FUE y\u00f6ntemi, g\u00fcn\u00fcm\u00fczde do\u011fal g\u00f6r\u00fcn\u00fcml\u00fc sonu\u00e7lar veren en geli\u015fmi\u015f sa\u00e7 ekimi tekni\u011fi olarak bilinmektedir. G\u00fcn\u00fcm\u00fczde safir u\u00e7lu \u00f6zel cihazlar\u0131n kullan\u0131ld\u0131\u011f\u0131 Safir sa\u00e7 ekimi tekni\u011fi ile daha da y\u00fcksek ba\u015far\u0131 oranlar\u0131 elde edilmektedir.<\/p>\n<p>Safir FUE greftleri, normal FUE greftlerinde kullan\u0131lan \u00e7elik b\u0131\u00e7aklar yerine safir malzemeden yap\u0131lm\u0131\u015f b\u0131\u00e7aklar ile yap\u0131lmaktad\u0131r.\u00a0<a href=\"https:\/\/www.hairtimeistanbul.com\/tr\/safir-sac-ekimi\/\"><strong>Safir sa\u00e7 ekimi<\/strong><\/a>\u00a0y\u00f6nteminde kullan\u0131lan b\u0131\u00e7aklar \u00f6zellikle al\u0131c\u0131 b\u00f6lgede kesiler yapmak i\u00e7in kullan\u0131\u015fl\u0131d\u0131r.<\/p>\n<p>B\u0131\u00e7aklar, greftin yap\u0131laca\u011f\u0131 b\u00f6lgede minik mikro kanallar a\u00e7arak iyile\u015fme s\u00fcrecini h\u0131zland\u0131rmak ve kabuklanmay\u0131 en aza indirmek i\u00e7in tasarlanm\u0131\u015ft\u0131r.<\/p>\n<h2>Safir FUE tekni\u011finde sa\u00e7 k\u00f6klerinin toplanmas\u0131<\/h2>\n<p>Safir sa\u00e7 ekiminde ensedeki don\u00f6r b\u00f6lgeden sa\u00e7 k\u00f6kleri tek tek toplan\u0131r. K\u0131l k\u00f6k\u00fc boyutuna g\u00f6re farkl\u0131 \u00e7elik pan\u00e7lar kullan\u0131l\u0131r. Safir sa\u00e7 ekiminin bu a\u015famas\u0131 FUE tekni\u011fi ile ayn\u0131d\u0131r.<\/p>\n<p>Toplanan sa\u00e7 k\u00f6kleri kal\u0131nl\u0131klar\u0131na g\u00f6re gruplara ayr\u0131larak \u00f6zel sol\u00fcsyonlarda ekime haz\u0131rlan\u0131r.<\/p>\n<h2>Safir FUE tekni\u011finde kanallar\u0131n a\u00e7\u0131lmas\u0131<\/h2>\n<p>Bu tekni\u011fin devrim niteli\u011findeki etkisi bu a\u015famada \u00f6n plana \u00e7\u0131k\u0131yor. 1mm\/1,3mm ve 1,5mm \u00e7ap\u0131nda \u00f6zel safir u\u00e7larla a\u00e7\u0131lan mikrokanallar V \u015feklinde olup a\u00e7\u0131lar\u0131 birbirine g\u00f6re ayarlanabilmektedir, bu da sa\u00e7 ekiminde en iyi sonucu vermektedir.<\/p>\n<h2>Safir sa\u00e7 ekimi nas\u0131l uygulan\u0131r?<\/h2>\n<p>Safir tekni\u011fi ile don\u00f6r b\u00f6lgeden al\u0131nan sa\u00e7 k\u00f6kleri safir u\u00e7lu b\u0131\u00e7aklarla a\u00e7\u0131lan V \u015feklindeki kesilere tek tek ekilir.<\/p>\n<p>Sa\u00e7 ekiminde hangi y\u00f6ntem kullan\u0131l\u0131rsa kullan\u0131ls\u0131n sonucu belirleyecek en \u00f6nemli parametre don\u00f6r b\u00f6lgedeki sa\u00e7 rezervidir. Safir sa\u00e7 ekimi tekni\u011fi ile \u015fiddetli sa\u00e7 d\u00f6k\u00fclmelerinde bile beklentileri a\u015fan sonu\u00e7lara ula\u015fmak m\u00fcmk\u00fcnd\u00fcr. Ancak don\u00f6r b\u00f6lgede yeterli sa\u00e7 olup olmad\u0131\u011f\u0131n\u0131n belirlenmesi hasta beklentilerinin kar\u015f\u0131lanmas\u0131 a\u00e7\u0131s\u0131ndan \u00f6nemlidir.<\/p>\n<p>Safir sa\u00e7 ekimi, FUE sa\u00e7 ekimi ile a\u015famal\u0131 olarak ayn\u0131d\u0131r. FUE tekni\u011fine benzer \u015fekilde sa\u00e7 k\u00f6kleri toplan\u0131rken \u00e7elik punchlar kullan\u0131l\u0131r. Safir FUE fark\u0131, al\u0131c\u0131 alana kanal a\u00e7ma a\u015famas\u0131nda rol oynar. Klasik FUE tekni\u011findeki U \u015feklindeki \u00e7elik b\u0131\u00e7aklar yerine Safir tekni\u011fi, do\u011fal safir ta\u015f ve al\u00fcminyum ala\u015f\u0131m\u0131ndan yap\u0131lm\u0131\u015f \u00e7ok daha keskin safir b\u0131\u00e7aklar kullan\u0131r.<\/p>\n<h2>Safir sa\u00e7 ekiminin faydalar\u0131 nelerdir?<\/h2>\n<p>Safir yapraklar\u0131 sert ve p\u00fcr\u00fczs\u00fczd\u00fcr. Bu nedenle safir yapra\u011f\u0131 ile yap\u0131lan kesimler m\u00fckemmele yak\u0131nd\u0131r ve minimum doku hasar\u0131na neden olur. Kesiklerin d\u00fczg\u00fcnl\u00fc\u011f\u00fc h\u0131zl\u0131 iyile\u015fme i\u00e7in \u00e7ok \u00f6nemli bir fakt\u00f6rd\u00fcr. Safir yapraklar\u0131n u\u00e7lar\u0131 V \u015feklinde oldu\u011fu i\u00e7in doktorlar daha s\u0131k kesebilir ve daha do\u011fal sonu\u00e7lar elde edebilir.<\/p>\n<p>Do\u011fal ve g\u00fc\u00e7l\u00fc bir g\u00f6r\u00fcn\u00fcm i\u00e7in ekilen sa\u00e7lar\u0131n y\u00f6n\u00fc \u00e7ok \u00f6nemlidir. Safir y\u00f6ntemi sayesinde sa\u00e7\u0131n y\u00f6n\u00fc kolayl\u0131kla ayarlanabilmektedir. Metal alerjisi toplumda yayg\u0131nd\u0131r. Bu nedenle safir yapraklar\u0131n\u0131n yayg\u0131n olarak kullan\u0131lmas\u0131 bu ki\u015filerde sa\u00e7 ekimi sonu\u00e7lar\u0131n\u0131 olumlu y\u00f6nde etkilemektedir.<\/p>\n<h2>Saffier FUE tekni\u011fi i\u00e7in kimler uygundur?<\/h2>\n<p>Don\u00f6r b\u00f6lgede yeterli sa\u00e7 k\u00f6k\u00fcne sahip olan 20-60 ya\u015f aras\u0131 t\u00fcm erkek ve kad\u0131nlar, Safir FUE sa\u00e7 ekimi tekni\u011fi ile d\u00f6k\u00fclen sa\u00e7lar\u0131n\u0131 geri kazanabilirler.<\/p>\n<p>Safir sa\u00e7 ekimi, geni\u015f bir alanda \u015fiddetli sa\u00e7 d\u00f6k\u00fclmesi i\u00e7in kullan\u0131labildi\u011finden \u015fakak yar\u0131klar\u0131, al\u0131n \u00e7izgisinin gerilemesi, sa\u00e7\u0131n \u00fcst k\u0131sm\u0131ndaki yar\u0131klar veya sa\u00e7\u0131n \u00fcst k\u0131sm\u0131ndaki yar\u0131klar gibi tipik sa\u00e7 d\u00f6k\u00fclmelerine kar\u015f\u0131 kal\u0131c\u0131 bir \u00e7\u00f6z\u00fcmd\u00fcr. homojen incelme.<\/p>\n<h2>Safir FUE Sa\u00e7 Ekiminin A\u015famas\u0131<\/h2>\n<p>T\u00fcrkiye\u2019de safir sa\u00e7 ekimi uygun aday belirlendikten sonra \u00fc\u00e7 temel ad\u0131mda ger\u00e7ekle\u015ftirilir.<\/p>\n<ul>\n<li>Don\u00f6r b\u00f6lgeden greftlerin al\u0131nmas\u0131<\/li>\n<li>Ekim b\u00f6lgesine safir u\u00e7lu kalemle kanallar\u0131n a\u00e7\u0131lmas\u0131<\/li>\n<li>Al\u0131nan greftlerin kanallara ekilmesi<\/li>\n<\/ul>\n<p>Sa\u00e7 ekimi genellikle FUE, Sapphire FUE, DHI gibi sa\u00e7 ekimi teknikleri olarak an\u0131lsa da t\u00fcm s\u00fcrecin dikkatli bir \u015fekilde organize edilmesi \u00f6nemlidir. Sa\u00e7 ekimi \u00f6ncesi ve sonras\u0131 hasta ile birlikte \u00e7al\u0131\u015fmak ve g\u00fc\u00e7l\u00fc bir ileti\u015fim kurmak hem klinikte hem de hasta taraf\u0131nda \u00f6nemli faydalar sa\u011flar.<\/p>\n<h2>Safir FUE tekni\u011finde sa\u00e7 k\u00f6klerinin nakli<\/h2>\n<p>Farkl\u0131 boyutlarda safir u\u00e7lar, ekilecek sa\u00e7 k\u00f6k\u00fcne en yak\u0131n \u00e7apta kanallar a\u00e7mak i\u00e7in kullan\u0131l\u0131r. Sa\u00e7 k\u00f6kleri \u00f6nceden yap\u0131lan planlamaya g\u00f6re V \u015feklindeki kanallara yerle\u015ftirilerek ekilecek b\u00f6lgenin \u015fekline g\u00f6re belli bir estetik b\u00f6l\u00fcm olu\u015fturulur.<\/p>\n<h2>Ameliyat s\u00fcreci 6-8 saat s\u00fcrer ve bunun son a\u015famas\u0131 sa\u00e7 k\u00f6klerinin ekimidir.<\/h2>\n<p>Safir sa\u00e7 ekimi neden \u00f6nemlidir?<\/p>\n<p>Safir sa\u00e7 ekiminde kullan\u0131lan b\u0131\u00e7aklar\u0131n ileri teknolojisi, daha s\u0131k ve stabil kesiler (kanallar) yap\u0131lmas\u0131na olanak sa\u011flar. Bu nedenle safir sa\u00e7 ekimi ile elde edilen sonu\u00e7, di\u011fer t\u00fcm fakt\u00f6rler normal oldu\u011funda hasta i\u00e7in en iyi sonu\u00e7tur.<\/p>\n<p>H\u0131zl\u0131 bir iyile\u015fme s\u00fcreci, daha az \u00f6dem ve a\u011fr\u0131 kesici sa\u011flar. P\u00fcr\u00fczs\u00fcz y\u00fczey, bakterilerin yap\u0131\u015fmas\u0131n\u0131 \u00f6nler ve enfeksiyon riskini \u00f6nemli \u00f6l\u00e7\u00fcde azalt\u0131r. Bu y\u00f6ntem di\u011fer y\u00f6ntemlere g\u00f6re hastalar i\u00e7in en iyi ve en konforlu y\u00f6ntemdir.<\/p>\n<h2>Safir sa\u00e7 ekimi \u00f6ncesi neler yap\u0131lmal\u0131?<\/h2>\n<p>Safir FUE operasyonu \u00f6ncesinde hastan\u0131n uygulamay\u0131 yapacak olan doktor taraf\u0131ndan muayene edilmesi gerekir. Kullanmakta oldu\u011fu herhangi bir ila\u00e7 veya sa\u011fl\u0131k sorunu varsa doktora haber verilmelidir. Doktor tavsiyesine g\u00f6re ameliyattan \u00f6nce alkol ve sigara t\u00fcketimini b\u0131rakmak gerekebilir.<\/p>\n<h2>Safir sa\u00e7 ekiminden sonra ne yapmal\u0131y\u0131m?<\/h2>\n<p>Safir sa\u00e7 ekimi rahat bir iyile\u015fme s\u00fcrecine sahiptir ancak bu \u00f6nlem al\u0131nmad\u0131\u011f\u0131 anlam\u0131na gelmez. Her t\u00fcrl\u00fc \u00f6nlem al\u0131nmal\u0131d\u0131r.<\/p>\n<p>Rahat bir iyile\u015fme s\u00fcreci gerektiren safir tekni\u011finden sonra yine de baz\u0131 \u00f6nlemlerin al\u0131nmas\u0131 gerekmektedir. Hastalar \u00f6zellikle ilk on g\u00fcn ba\u015flar\u0131n\u0131 \u00e7arpmaktan veya herhangi bir y\u00fczeye s\u00fcrtmekten ka\u00e7\u0131nmal\u0131d\u0131r. Fermuarl\u0131 ve d\u00fc\u011fmeli k\u0131yafetlerin tercih edilmesi bu riski \u00f6nemli \u00f6l\u00e7\u00fcde azalt\u0131r.<\/p>\n<p>Ameliyat\u0131 yapan cerrah gerekti\u011finde ila\u00e7 verirse al\u0131nmas\u0131 da s\u00fcreci kolayla\u015ft\u0131r\u0131r. Ayr\u0131ca a\u015f\u0131r\u0131 terlememek gerekir. \u0130lk ay y\u00fczme, sauna, hamam ve benzeri aktivitelerden ka\u00e7\u0131n\u0131lmal\u0131d\u0131r.<\/p>\n<h2>Safir sa\u00e7 ekiminden sonra sa\u00e7lar\u0131m ne zaman uzar?<\/h2>\n<p>Safir sa\u00e7 ekimi y\u00f6ntemiyle ekilen sa\u00e7lar, ameliyattan hemen sonra uzamaya ba\u015flar. Bu ameliyat\u0131 tercih eden ki\u015filer ilk 2-3 haftadan sonra dinlenme evresine girer ve sa\u00e7 d\u00f6k\u00fclmesi meydana gelir. S\u00fcrece dahil olan ve beklenen bu d\u00f6k\u00fclme s\u00fcrecine \u015fok sa\u00e7 d\u00f6k\u00fclmesi denir.<\/p>\n<p>\u0130\u015flemden alt\u0131 ay sonra bu t\u00fcyler \u00e7\u0131kmaya ba\u015flar ve ilk y\u0131l\u0131n sonunda sonu\u00e7 belli olur. Tam etkisini g\u00f6rmek 2 y\u0131l\u0131 bulabilir.<\/p>\n<h2>Safir FUE\u2019nin ilk y\u0131kama\/yara bak\u0131m\u0131<\/h2>\n<p>Safir tekni\u011fi, operasyondan iki g\u00fcn sonra bile h\u0131zla iyile\u015fti\u011finizi hissetmenizi sa\u011flar. Safir sa\u00e7 ekiminden bir veya iki g\u00fcn sonra yara bak\u0131m\u0131 veya ilk y\u0131kama sa\u00e7 ekim hem\u015firesi veya sa\u00e7 ekim uzman\u0131 taraf\u0131ndan yap\u0131l\u0131r.<\/p>\n<p>Sa\u00e7 ekiminin ilk haftas\u0131 en hassas d\u00f6nemdir. Bu d\u00f6nemin ilk a\u015famas\u0131 yara bak\u0131m\u0131na ayr\u0131lm\u0131\u015ft\u0131r. Bunu takip eden, ilerleyici ve h\u0131zl\u0131 bir iyile\u015fme d\u00f6nemidir.<\/p>\n<p>Hairtime sa\u00e7 ekimi sonras\u0131 1 y\u0131l boyunca hasta takibi ile s\u00fcre\u00e7leri takip eder ve hastaya uzaktan destek olmaya devam eder.<\/p>\n<h2>Safir FUE sa\u00e7 ekimi sonras\u0131 ilk 1-3 ayda neler yap\u0131l\u0131r?<\/h2>\n<p>Cerrahi deformasyonun d\u00fc\u015f\u00fck olmas\u0131 nedeniyle kabuk giderme s\u00fcresi genellikle ilk ay i\u00e7inde tamamlan\u0131r. Bu d\u00f6nemdeki bir di\u011fer \u00f6nemli olay ise \u015fok sa\u00e7 d\u00f6k\u00fclmesidir. Sa\u00e7 ekimi ile ekilen t\u00fcm sa\u00e7 k\u00f6klerinden \u00e7\u0131kan sa\u00e7lar h\u0131zla d\u00f6k\u00fcl\u00fcr.<\/p>\n<p>\u015eok d\u00f6k\u00fcld\u00fckten sonra yeni sa\u00e7lar\u0131n \u00e7\u0131kmas\u0131 i\u00e7in bekleme s\u00fcresi ba\u015flar. Kafa derisi b\u00fcy\u00fck \u00f6l\u00e7\u00fcde iyile\u015fir.<\/p>\n<h2>Safir FUE Sa\u00e7 Ekimi sonras\u0131 ilk 6 ayda neler yap\u0131l\u0131r?<\/h2>\n<p>Yeni sa\u00e7lar g\u00f6r\u00fcnmeye ba\u015flar. \u0130lk ba\u015fta zay\u0131f olmalar\u0131 beklenir. Sa\u00e7lar uzad\u0131k\u00e7a k\u00f6kler g\u00fc\u00e7lenir ve sa\u00e7 telleri kal\u0131nla\u015f\u0131r.<\/p>\n<h2>Safir FUE sa\u00e7 ekiminden 1 y\u0131l sonra ne yap\u0131lmal\u0131?<\/h2>\n<p>Nihai sonu\u00e7 neredeyse tamamen ortaya \u00e7\u0131k\u0131yor. Art\u0131k g\u00fcr sa\u00e7lar\u0131n verdi\u011fi mutluluk sayesinde g\u00f6zlerin ne\u015feyle parlamaya ba\u015flad\u0131\u011f\u0131 noktaya gelmi\u015ftir. Sa\u00e7 tellerinin kal\u0131nla\u015fmas\u0131 ve k\u00f6klerin g\u00fc\u00e7lenmesi bir s\u00fcre daha devam eder.<\/p>\n<h2>Safir Sa\u00e7 Ekim Fiyatlar\u0131 2021<\/h2>\n<p>Klasik FUE tekni\u011finde sa\u00e7 ekimi yap\u0131lacak b\u00f6lgenin b\u00fcy\u00fckl\u00fc\u011f\u00fcne g\u00f6re fiyat verilir. Safir tekni\u011finde de durum benzer ancak tek bir fark var. Klasik FUE y\u00f6nteminde metal u\u00e7lar kullan\u0131l\u0131rken, di\u011fer y\u00f6ntemde safir u\u00e7lar kullan\u0131l\u0131r. Bu nedenle Safir sa\u00e7 ekimi fiyatlar\u0131 biraz daha y\u00fcksek olabilir.<\/p>\n","protected":false},"excerpt":{"rendered":"<p>Safir sa\u00e7 ekimi nedir? Sa\u00e7 ekimi ihtiyac\u0131 her ge\u00e7en g\u00fcn artmakta ve g\u00fcn\u00fcm\u00fczde safir sa\u00e7 ekimi yeni tekniklerin geli\u015ftirilmesinde \u00f6nemli rol oynamaktad\u0131r. Bu, sa\u00e7 d\u00f6k\u00fclmesi tedavilerinin ve yeni, yenilik\u00e7i sa\u00e7 ekimi tekniklerinin geli\u015ftirilmesine yol a\u00e7t\u0131. Sa\u00e7 ekimi operasyonlar\u0131 g\u00fcn\u00fcm\u00fczde kullan\u0131lan aletlerdeki yeniliklere paralel olarak b\u00fcy\u00fck mesafeler kat etmi\u015f ve minimal y\u00f6ntemlerle yap\u0131lan bir i\u015fleme d\u00f6n\u00fc\u015fm\u00fc\u015ft\u00fcr. [&hellip;]<\/p>\n","protected":false},"author":1,"featured_media":761,"comment_status":"open","ping_status":"open","sticky":false,"template":"","format":"standard","meta":{"footnotes":""},"categories":[3],"tags":[],"class_list":["post-45","post","type-post","status-publish","format-standard","has-post-thumbnail","hentry","category-sac-ekimi-teknikleri"],"_links":{"self":[{"href":"https:\/\/www.hairtimeistanbul.com\/tr\/wp-json\/wp\/v2\/posts\/45","targetHints":{"allow":["GET"]}}],"collection":[{"href":"https:\/\/www.hairtimeistanbul.com\/tr\/wp-json\/wp\/v2\/posts"}],"about":[{"href":"https:\/\/www.hairtimeistanbul.com\/tr\/wp-json\/wp\/v2\/types\/post"}],"author":[{"embeddable":true,"href":"https:\/\/www.hairtimeistanbul.com\/tr\/wp-json\/wp\/v2\/users\/1"}],"replies":[{"embeddable":true,"href":"https:\/\/www.hairtimeistanbul.com\/tr\/wp-json\/wp\/v2\/comments?post=45"}],"version-history":[{"count":8,"href":"https:\/\/www.hairtimeistanbul.com\/tr\/wp-json\/wp\/v2\/posts\/45\/revisions"}],"predecessor-version":[{"id":829,"href":"https:\/\/www.hairtimeistanbul.com\/tr\/wp-json\/wp\/v2\/posts\/45\/revisions\/829"}],"wp:featuredmedia":[{"embeddable":true,"href":"https:\/\/www.hairtimeistanbul.com\/tr\/wp-json\/wp\/v2\/media\/761"}],"wp:attachment":[{"href":"https:\/\/www.hairtimeistanbul.com\/tr\/wp-json\/wp\/v2\/media?parent=45"}],"wp:term":[{"taxonomy":"category","embeddable":true,"href":"https:\/\/www.hairtimeistanbul.com\/tr\/wp-json\/wp\/v2\/categories?post=45"},{"taxonomy":"post_tag","embeddable":true,"href":"https:\/\/www.hairtimeistanbul.com\/tr\/wp-json\/wp\/v2\/tags?post=45"}],"curies":[{"name":"wp","href":"https:\/\/api.w.org\/{rel}","templated":true}]}}